{"id":5111,"date":"2026-04-30T09:49:25","date_gmt":"2026-04-30T07:49:25","guid":{"rendered":"https:\/\/ktl-lu.de\/?p=5111"},"modified":"2026-04-30T09:49:45","modified_gmt":"2026-04-30T07:49:45","slug":"besuch-bei-ktl-in-ludwigshafen","status":"publish","type":"post","link":"https:\/\/ktl-lu.de\/en\/2026\/04\/30\/besuch-bei-ktl-in-ludwigshafen\/","title":{"rendered":"Besuch bei KTL in Ludwigshafen"},"content":{"rendered":"<p>Im Rahmen der Fr\u00fchjahrssitzung der Union Europ\u00e4ischer Handelskammern tagte das Gremium in der Region Rhein-Neckar. In diesem Zusammenhang durften wir die Vertreterinnen und Vertreter der IHK sowie der UECC auch bei KTL in Ludwigshafen begr\u00fc\u00dfen.<\/p>\n\n\n\n<p>Im Mittelpunkt des Besuchs stand der Austausch zu den Themen Infrastruktur, Logistik und kombinierter Verkehr. Der Besuch unterstrich die Bedeutung der KTL f\u00fcr eine effiziente und zugleich klimafreundliche Transportlogistik \u2013 nicht nur f\u00fcr die Metropolregion Rhein\u2011Neckar, sondern auch im nationalen und europ\u00e4ischen Kontext.<\/p>\n\n\n\n<p>Wir bedanken uns herzlich bei der IHK und der UECC f\u00fcr den Besuch und das gro\u00dfe Interesse an unserer Arbeit sowie bei allen Beteiligten f\u00fcr den offenen und konstruktiven Austausch.<\/p>\n\n\n\n<p><\/p>\n\n\n\n<figure class=\"wp-block-image aligncenter size-large\"><img fetchpriority=\"high\" decoding=\"async\" width=\"768\" height=\"1024\" src=\"https:\/\/ktl-lu.de\/wp-content\/uploads\/2026\/04\/IHK-Besuch-23.04.2026-768x1024.jpg\" alt=\"\" class=\"wp-image-5112\" srcset=\"https:\/\/ktl-lu.de\/wp-content\/uploads\/2026\/04\/IHK-Besuch-23.04.2026-768x1024.jpg 768w, https:\/\/ktl-lu.de\/wp-content\/uploads\/2026\/04\/IHK-Besuch-23.04.2026-225x300.jpg 225w, https:\/\/ktl-lu.de\/wp-content\/uploads\/2026\/04\/IHK-Besuch-23.04.2026-1152x1536.jpg 1152w, https:\/\/ktl-lu.de\/wp-content\/uploads\/2026\/04\/IHK-Besuch-23.04.2026-9x12.jpg 9w, https:\/\/ktl-lu.de\/wp-content\/uploads\/2026\/04\/IHK-Besuch-23.04.2026.jpg 1200w\" sizes=\"(max-width: 768px) 100vw, 768px\" \/><\/figure>","protected":false},"excerpt":{"rendered":"<p>Im Rahmen der Fr\u00fchjahrssitzung der Union Europ\u00e4ischer Handelskammern tagte das Gremium in der Region Rhein-Neckar. In diesem Zusammenhang durften wir die Vertreterinnen und Vertreter der IHK sowie der UECC auch bei KTL in Ludwigshafen begr\u00fc\u00dfen. Im Mittelpunkt des Besuchs stand der Austausch zu den Themen Infrastruktur, Logistik und kombinierter Verkehr. Der Besuch unterstrich die Bedeutung [&hellip;]<\/p>","protected":false},"author":3,"featured_media":5112,"comment_status":"closed","ping_status":"closed","sticky":false,"template":"","format":"standard","meta":{"footnotes":""},"categories":[14],"tags":[],"class_list":["post-5111","post","type-post","status-publish","format-standard","has-post-thumbnail","hentry","category-de"],"_links":{"self":[{"href":"https:\/\/ktl-lu.de\/en\/wp-json\/wp\/v2\/posts\/5111","targetHints":{"allow":["GET"]}}],"collection":[{"href":"https:\/\/ktl-lu.de\/en\/wp-json\/wp\/v2\/posts"}],"about":[{"href":"https:\/\/ktl-lu.de\/en\/wp-json\/wp\/v2\/types\/post"}],"author":[{"embeddable":true,"href":"https:\/\/ktl-lu.de\/en\/wp-json\/wp\/v2\/users\/3"}],"replies":[{"embeddable":true,"href":"https:\/\/ktl-lu.de\/en\/wp-json\/wp\/v2\/comments?post=5111"}],"version-history":[{"count":2,"href":"https:\/\/ktl-lu.de\/en\/wp-json\/wp\/v2\/posts\/5111\/revisions"}],"predecessor-version":[{"id":5114,"href":"https:\/\/ktl-lu.de\/en\/wp-json\/wp\/v2\/posts\/5111\/revisions\/5114"}],"wp:featuredmedia":[{"embeddable":true,"href":"https:\/\/ktl-lu.de\/en\/wp-json\/wp\/v2\/media\/5112"}],"wp:attachment":[{"href":"https:\/\/ktl-lu.de\/en\/wp-json\/wp\/v2\/media?parent=5111"}],"wp:term":[{"taxonomy":"category","embeddable":true,"href":"https:\/\/ktl-lu.de\/en\/wp-json\/wp\/v2\/categories?post=5111"},{"taxonomy":"post_tag","embeddable":true,"href":"https:\/\/ktl-lu.de\/en\/wp-json\/wp\/v2\/tags?post=5111"}],"curies":[{"name":"wp","href":"https:\/\/api.w.org\/{rel}","templated":true}]}}