{"id":4101,"date":"2023-10-23T12:11:06","date_gmt":"2023-10-23T10:11:06","guid":{"rendered":"https:\/\/ktl-lu.de\/?p=4101"},"modified":"2023-10-23T12:12:10","modified_gmt":"2023-10-23T10:12:10","slug":"neue-zugverbindung-von-ktl-nach-frankreich","status":"publish","type":"post","link":"https:\/\/ktl-lu.de\/en\/2023\/10\/23\/neue-zugverbindung-von-ktl-nach-frankreich\/","title":{"rendered":"NEUE ZUGVERBINDUNG VON KTL NACH FRANKREICH"},"content":{"rendered":"<div data-elementor-type=\"wp-post\" data-elementor-id=\"4101\" class=\"elementor elementor-4101\" data-elementor-post-type=\"post\">\n\t\t\t\t<div class=\"elementor-element elementor-element-1189c2c e-flex e-con-boxed e-con e-parent\" data-id=\"1189c2c\" data-element_type=\"container\">\n\t\t\t\t\t<div class=\"e-con-inner\">\n\t\t\t\t<div class=\"elementor-element elementor-element-58c5080 elementor-widget elementor-widget-theme-post-title elementor-page-title elementor-widget-heading\" data-id=\"58c5080\" data-element_type=\"widget\" data-widget_type=\"theme-post-title.default\">\n\t\t\t\t<div class=\"elementor-widget-container\">\n\t\t\t\t\t<h1 class=\"elementor-heading-title elementor-size-default\">NEUE ZUGVERBINDUNG VON KTL NACH FRANKREICH<\/h1>\t\t\t\t<\/div>\n\t\t\t\t<\/div>\n\t\t\t\t\t<\/div>\n\t\t\t\t<\/div>\n\t\t<div class=\"elementor-element elementor-element-30662db e-flex e-con-boxed e-con e-parent\" data-id=\"30662db\" data-element_type=\"container\">\n\t\t\t\t\t<div class=\"e-con-inner\">\n\t\t\t\t<div class=\"elementor-element elementor-element-78f242b elementor-widget elementor-widget-theme-post-featured-image elementor-widget-image\" data-id=\"78f242b\" data-element_type=\"widget\" data-widget_type=\"theme-post-featured-image.default\">\n\t\t\t\t<div class=\"elementor-widget-container\">\n\t\t\t\t\t\t\t\t\t\t\t\t\t\t\t<img fetchpriority=\"high\" decoding=\"async\" width=\"800\" height=\"498\" src=\"https:\/\/ktl-lu.de\/wp-content\/uploads\/2023\/10\/Bild1_2023-10-23-1024x637.jpg\" class=\"attachment-large size-large wp-image-4103\" alt=\"\" srcset=\"https:\/\/ktl-lu.de\/wp-content\/uploads\/2023\/10\/Bild1_2023-10-23-1024x637.jpg 1024w, https:\/\/ktl-lu.de\/wp-content\/uploads\/2023\/10\/Bild1_2023-10-23-300x187.jpg 300w, https:\/\/ktl-lu.de\/wp-content\/uploads\/2023\/10\/Bild1_2023-10-23-768x478.jpg 768w, https:\/\/ktl-lu.de\/wp-content\/uploads\/2023\/10\/Bild1_2023-10-23-18x12.jpg 18w, https:\/\/ktl-lu.de\/wp-content\/uploads\/2023\/10\/Bild1_2023-10-23.jpg 1386w\" sizes=\"(max-width: 800px) 100vw, 800px\" \/>\t\t\t\t\t\t\t\t\t\t\t\t\t\t\t<\/div>\n\t\t\t\t<\/div>\n\t\t\t\t\t<\/div>\n\t\t\t\t<\/div>\n\t\t<div class=\"elementor-element elementor-element-30197d4 e-flex e-con-boxed e-con e-parent\" data-id=\"30197d4\" data-element_type=\"container\">\n\t\t\t\t\t<div class=\"e-con-inner\">\n\t\t\t\t<div class=\"elementor-element elementor-element-24b2772 elementor-widget elementor-widget-text-editor\" data-id=\"24b2772\" data-element_type=\"widget\" data-widget_type=\"text-editor.default\">\n\t\t\t\t<div class=\"elementor-widget-container\">\n\t\t\t\t\t\t\t\t\t<p>Wir freuen uns sehr, dass wir mit dem franz\u00f6sischen Operateur DeltaRail nunmehr wieder eine Zugverbindung zwischen KTL Ludwigshafen und Frankreich anbieten k\u00f6nnen. Der vom Eisenbahnverkehrsunternehmen Hector Rail traktierte Zug verkehrt seit dem 17. Oktober 2023 zwischen Ludwigshafen und Chalon-sur-Sa\u00f4ne (n\u00f6rdlich von Lyon) dreimal die Woche. Von Chalon-sur-Sa\u00f4ne aus besteht die M\u00f6glichkeit des Gateways \/ Weiterleitung nach Fos-sur-Mer (bei Marseille).<\/p><p>\u00a0<\/p><p>Bei Interesse melden Sie sich gerne direkt bei <a href=\"https:\/\/www.deltarail.fr\/en\/\">DeltaRail<\/a>.<\/p><p>\u00a0<\/p><p>Lassen Sie uns gemeinsam noch mehr G\u00fcter auf die Schiene bringen!<\/p>\t\t\t\t\t\t\t\t<\/div>\n\t\t\t\t<\/div>\n\t\t\t\t\t<\/div>\n\t\t\t\t<\/div>\n\t\t\t\t<\/div>","protected":false},"excerpt":{"rendered":"<p>Wir freuen uns sehr, dass wir mit dem franz\u00f6sischen Operateur DeltaRail nunmehr wieder eine Zugverbindung zwischen KTL Ludwigshafen und Frankreich anbieten k\u00f6nnen. Der vom Eisenbahnverkehrsunternehmen Hector Rail traktierte Zug verkehrt seit dem 17. Oktober 2023 zwischen Ludwigshafen und Chalon-sur-Sa\u00f4ne (n\u00f6rdlich von Lyon) dreimal die Woche. Von Chalon-sur-Sa\u00f4ne aus besteht die M\u00f6glichkeit des Gateways \/ Weiterleitung [&hellip;]<\/p>","protected":false},"author":1,"featured_media":4103,"comment_status":"closed","ping_status":"open","sticky":false,"template":"","format":"standard","meta":{"footnotes":""},"categories":[1,14],"tags":[],"class_list":["post-4101","post","type-post","status-publish","format-standard","has-post-thumbnail","hentry","category-allgemein","category-de"],"_links":{"self":[{"href":"https:\/\/ktl-lu.de\/en\/wp-json\/wp\/v2\/posts\/4101","targetHints":{"allow":["GET"]}}],"collection":[{"href":"https:\/\/ktl-lu.de\/en\/wp-json\/wp\/v2\/posts"}],"about":[{"href":"https:\/\/ktl-lu.de\/en\/wp-json\/wp\/v2\/types\/post"}],"author":[{"embeddable":true,"href":"https:\/\/ktl-lu.de\/en\/wp-json\/wp\/v2\/users\/1"}],"replies":[{"embeddable":true,"href":"https:\/\/ktl-lu.de\/en\/wp-json\/wp\/v2\/comments?post=4101"}],"version-history":[{"count":0,"href":"https:\/\/ktl-lu.de\/en\/wp-json\/wp\/v2\/posts\/4101\/revisions"}],"wp:featuredmedia":[{"embeddable":true,"href":"https:\/\/ktl-lu.de\/en\/wp-json\/wp\/v2\/media\/4103"}],"wp:attachment":[{"href":"https:\/\/ktl-lu.de\/en\/wp-json\/wp\/v2\/media?parent=4101"}],"wp:term":[{"taxonomy":"category","embeddable":true,"href":"https:\/\/ktl-lu.de\/en\/wp-json\/wp\/v2\/categories?post=4101"},{"taxonomy":"post_tag","embeddable":true,"href":"https:\/\/ktl-lu.de\/en\/wp-json\/wp\/v2\/tags?post=4101"}],"curies":[{"name":"wp","href":"https:\/\/api.w.org\/{rel}","templated":true}]}}