{"id":3893,"date":"2023-06-28T13:03:00","date_gmt":"2023-06-28T11:03:00","guid":{"rendered":"https:\/\/ktl-lu.de\/?p=3893"},"modified":"2023-07-17T15:48:29","modified_gmt":"2023-07-17T13:48:29","slug":"auszeichnung-fuer-ktl-beim-wettbewerb-grosser-preis-des-mittelstandes","status":"publish","type":"post","link":"https:\/\/ktl-lu.de\/en\/2023\/06\/28\/auszeichnung-fuer-ktl-beim-wettbewerb-grosser-preis-des-mittelstandes\/","title":{"rendered":"Auszeichnung f\u00fcr KTL beim Wettbewerb \u201eGro\u00dfer Preis des Mittelstandes\u201c"},"content":{"rendered":"<div data-elementor-type=\"wp-post\" data-elementor-id=\"3893\" class=\"elementor elementor-3893\" data-elementor-post-type=\"post\">\n\t\t\t\t<div class=\"elementor-element elementor-element-469fa89 e-flex e-con-boxed e-con e-parent\" data-id=\"469fa89\" data-element_type=\"container\">\n\t\t\t\t\t<div class=\"e-con-inner\">\n\t\t\t\t<div class=\"elementor-element elementor-element-f763023 elementor-widget elementor-widget-theme-post-title elementor-page-title elementor-widget-heading\" data-id=\"f763023\" data-element_type=\"widget\" data-widget_type=\"theme-post-title.default\">\n\t\t\t\t<div class=\"elementor-widget-container\">\n\t\t\t\t\t<h1 class=\"elementor-heading-title elementor-size-default\">Auszeichnung f\u00fcr KTL beim Wettbewerb \u201eGro\u00dfer Preis des Mittelstandes\u201c<\/h1>\t\t\t\t<\/div>\n\t\t\t\t<\/div>\n\t\t\t\t\t<\/div>\n\t\t\t\t<\/div>\n\t\t<div class=\"elementor-element elementor-element-e926a43 e-flex e-con-boxed e-con e-parent\" data-id=\"e926a43\" data-element_type=\"container\">\n\t\t\t\t\t<div class=\"e-con-inner\">\n\t\t\t\t<div class=\"elementor-element elementor-element-56d9903 elementor-widget elementor-widget-theme-post-featured-image elementor-widget-image\" data-id=\"56d9903\" data-element_type=\"widget\" data-widget_type=\"theme-post-featured-image.default\">\n\t\t\t\t<div class=\"elementor-widget-container\">\n\t\t\t\t\t\t\t\t\t\t\t\t\t\t\t<img fetchpriority=\"high\" decoding=\"async\" width=\"800\" height=\"743\" src=\"https:\/\/ktl-lu.de\/wp-content\/uploads\/2023\/07\/Bild1_2023-07-17-1024x951.jpg\" class=\"attachment-large size-large wp-image-3898\" alt=\"\" srcset=\"https:\/\/ktl-lu.de\/wp-content\/uploads\/2023\/07\/Bild1_2023-07-17-1024x951.jpg 1024w, https:\/\/ktl-lu.de\/wp-content\/uploads\/2023\/07\/Bild1_2023-07-17-300x279.jpg 300w, https:\/\/ktl-lu.de\/wp-content\/uploads\/2023\/07\/Bild1_2023-07-17-768x713.jpg 768w, https:\/\/ktl-lu.de\/wp-content\/uploads\/2023\/07\/Bild1_2023-07-17-1536x1426.jpg 1536w, https:\/\/ktl-lu.de\/wp-content\/uploads\/2023\/07\/Bild1_2023-07-17-2048x1901.jpg 2048w, https:\/\/ktl-lu.de\/wp-content\/uploads\/2023\/07\/Bild1_2023-07-17-13x12.jpg 13w\" sizes=\"(max-width: 800px) 100vw, 800px\" \/>\t\t\t\t\t\t\t\t\t\t\t\t\t\t\t<\/div>\n\t\t\t\t<\/div>\n\t\t\t\t\t<\/div>\n\t\t\t\t<\/div>\n\t\t<div class=\"elementor-element elementor-element-5b3e782 e-flex e-con-boxed e-con e-parent\" data-id=\"5b3e782\" data-element_type=\"container\">\n\t\t\t\t\t<div class=\"e-con-inner\">\n\t\t\t\t<div class=\"elementor-element elementor-element-bd9569d elementor-widget elementor-widget-text-editor\" data-id=\"bd9569d\" data-element_type=\"widget\" data-widget_type=\"text-editor.default\">\n\t\t\t\t<div class=\"elementor-widget-container\">\n\t\t\t\t\t\t\t\t\t<p>Wir freuen uns als KTL sehr, dass wir beim \u201eGro\u00dfen Preis des Mittelstandes\u201c am 27. Juni im Rahmen einer feierlichen \u00dcbergabe die Urkunde zum Erreichen der Jurystufe erhalten haben.<\/p><p>\u00a0<\/p><p>Dies ist f\u00fcr uns Ansporn unseren konsequenten Weg f\u00fcr mehr Nachhaltigkeit im Transport und mehr Innovationen gerade beim Terminalumschlag und dem Vorlauftrucking weiterzugehen.<\/p><p>\u00a0<\/p><p>Herzlichen Dank an die Organisatoren und Gastgeber, f\u00fcr die bereichernden Vortr\u00e4ge und den pers\u00f6nlichen Austausch!<\/p><p>\u00a0<\/p>\t\t\t\t\t\t\t\t<\/div>\n\t\t\t\t<\/div>\n\t\t\t\t\t<\/div>\n\t\t\t\t<\/div>\n\t\t\t\t<\/div>","protected":false},"excerpt":{"rendered":"<p>Wir freuen uns als KTL sehr, dass wir beim \u201eGro\u00dfen Preis des Mittelstandes\u201c am 27. Juni im Rahmen einer feierlichen \u00dcbergabe die Urkunde zum Erreichen der Jurystufe erhalten haben. \u00a0 Dies ist f\u00fcr uns Ansporn unseren konsequenten Weg f\u00fcr mehr Nachhaltigkeit im Transport und mehr Innovationen gerade beim Terminalumschlag und dem Vorlauftrucking weiterzugehen. \u00a0 Herzlichen [&hellip;]<\/p>","protected":false},"author":1,"featured_media":3898,"comment_status":"closed","ping_status":"open","sticky":false,"template":"","format":"standard","meta":{"footnotes":""},"categories":[1,14],"tags":[],"class_list":["post-3893","post","type-post","status-publish","format-standard","has-post-thumbnail","hentry","category-allgemein","category-de"],"_links":{"self":[{"href":"https:\/\/ktl-lu.de\/en\/wp-json\/wp\/v2\/posts\/3893","targetHints":{"allow":["GET"]}}],"collection":[{"href":"https:\/\/ktl-lu.de\/en\/wp-json\/wp\/v2\/posts"}],"about":[{"href":"https:\/\/ktl-lu.de\/en\/wp-json\/wp\/v2\/types\/post"}],"author":[{"embeddable":true,"href":"https:\/\/ktl-lu.de\/en\/wp-json\/wp\/v2\/users\/1"}],"replies":[{"embeddable":true,"href":"https:\/\/ktl-lu.de\/en\/wp-json\/wp\/v2\/comments?post=3893"}],"version-history":[{"count":0,"href":"https:\/\/ktl-lu.de\/en\/wp-json\/wp\/v2\/posts\/3893\/revisions"}],"wp:featuredmedia":[{"embeddable":true,"href":"https:\/\/ktl-lu.de\/en\/wp-json\/wp\/v2\/media\/3898"}],"wp:attachment":[{"href":"https:\/\/ktl-lu.de\/en\/wp-json\/wp\/v2\/media?parent=3893"}],"wp:term":[{"taxonomy":"category","embeddable":true,"href":"https:\/\/ktl-lu.de\/en\/wp-json\/wp\/v2\/categories?post=3893"},{"taxonomy":"post_tag","embeddable":true,"href":"https:\/\/ktl-lu.de\/en\/wp-json\/wp\/v2\/tags?post=3893"}],"curies":[{"name":"wp","href":"https:\/\/api.w.org\/{rel}","templated":true}]}}