{"id":3851,"date":"2023-06-19T09:55:24","date_gmt":"2023-06-19T07:55:24","guid":{"rendered":"https:\/\/ktl-lu.de\/?p=3851"},"modified":"2023-06-30T10:00:23","modified_gmt":"2023-06-30T08:00:23","slug":"ktl-family-and-friends-day-2023-am-18-6-2023","status":"publish","type":"post","link":"https:\/\/ktl-lu.de\/en\/2023\/06\/19\/ktl-family-and-friends-day-2023-am-18-6-2023\/","title":{"rendered":"KTL Family and Friends Day 2023 am 18.6.2023"},"content":{"rendered":"<div data-elementor-type=\"wp-post\" data-elementor-id=\"3851\" class=\"elementor elementor-3851\" data-elementor-post-type=\"post\">\n\t\t\t\t<div class=\"elementor-element elementor-element-6881fa4 e-flex e-con-boxed e-con e-parent\" data-id=\"6881fa4\" data-element_type=\"container\">\n\t\t\t\t\t<div class=\"e-con-inner\">\n\t\t\t\t<div class=\"elementor-element elementor-element-23a2dfc elementor-widget elementor-widget-theme-post-title elementor-page-title elementor-widget-heading\" data-id=\"23a2dfc\" data-element_type=\"widget\" data-widget_type=\"theme-post-title.default\">\n\t\t\t\t<div class=\"elementor-widget-container\">\n\t\t\t\t\t<h1 class=\"elementor-heading-title elementor-size-default\">KTL Family and Friends Day 2023 am 18.6.2023<\/h1>\t\t\t\t<\/div>\n\t\t\t\t<\/div>\n\t\t\t\t\t<\/div>\n\t\t\t\t<\/div>\n\t\t<div class=\"elementor-element elementor-element-8ea38ea e-flex e-con-boxed e-con e-parent\" data-id=\"8ea38ea\" data-element_type=\"container\">\n\t\t\t\t\t<div class=\"e-con-inner\">\n\t\t\t\t<div class=\"elementor-element elementor-element-05feb1a elementor-widget elementor-widget-theme-post-featured-image elementor-widget-image\" data-id=\"05feb1a\" data-element_type=\"widget\" data-widget_type=\"theme-post-featured-image.default\">\n\t\t\t\t<div class=\"elementor-widget-container\">\n\t\t\t\t\t\t\t\t\t\t\t\t\t\t\t<img fetchpriority=\"high\" decoding=\"async\" width=\"800\" height=\"392\" src=\"https:\/\/ktl-lu.de\/wp-content\/uploads\/2023\/06\/Bild1_2023-06-30_1-1024x502.jpg\" class=\"attachment-large size-large wp-image-3850\" alt=\"\" srcset=\"https:\/\/ktl-lu.de\/wp-content\/uploads\/2023\/06\/Bild1_2023-06-30_1-1024x502.jpg 1024w, https:\/\/ktl-lu.de\/wp-content\/uploads\/2023\/06\/Bild1_2023-06-30_1-300x147.jpg 300w, https:\/\/ktl-lu.de\/wp-content\/uploads\/2023\/06\/Bild1_2023-06-30_1-768x377.jpg 768w, https:\/\/ktl-lu.de\/wp-content\/uploads\/2023\/06\/Bild1_2023-06-30_1-1536x753.jpg 1536w, https:\/\/ktl-lu.de\/wp-content\/uploads\/2023\/06\/Bild1_2023-06-30_1-18x9.jpg 18w, https:\/\/ktl-lu.de\/wp-content\/uploads\/2023\/06\/Bild1_2023-06-30_1.jpg 1909w\" sizes=\"(max-width: 800px) 100vw, 800px\" \/>\t\t\t\t\t\t\t\t\t\t\t\t\t\t\t<\/div>\n\t\t\t\t<\/div>\n\t\t\t\t\t<\/div>\n\t\t\t\t<\/div>\n\t\t<div class=\"elementor-element elementor-element-8f9f364 e-flex e-con-boxed e-con e-parent\" data-id=\"8f9f364\" data-element_type=\"container\">\n\t\t\t\t\t<div class=\"e-con-inner\">\n\t\t\t\t<div class=\"elementor-element elementor-element-d2923a8 elementor-widget elementor-widget-text-editor\" data-id=\"d2923a8\" data-element_type=\"widget\" data-widget_type=\"text-editor.default\">\n\t\t\t\t<div class=\"elementor-widget-container\">\n\t\t\t\t\t\t\t\t\t<p>Nach einer langen Pause war es wieder soweit. Die Tore zum Kombiverkehrsterminal in Ludwigshafen \u00f6ffneten sich f\u00fcr die Mitarbeiter der KTL, deren Familien sowie enge Kunden und am Standort t\u00e4tige Gesch\u00e4ftspartner.<\/p><p>\u00a0<\/p><p>Knapp 250 Personen sind der KTL Einladung zum Family and Friends Day gefolgt und konnten Einblicke in die Funktion eines Terminals und den Arbeitsalltag gewinnen. Besonderer Dank an die SBB und BASF, die je eine LOK zur Besichtigung und f\u00fcr Rundfahrten zur Verf\u00fcgung gestellt haben. Abgerundet wurde das Programm durch LKW-Rundfahrten, Terminalrundg\u00e4nge und Kranvorf\u00fchrungen. Auch den zahlreichen kleinen Besuchern wurde es mit Kinderschminken, Seifenblasenshow und Wasserspielen nie langweilig! \ud83d\ude0a<\/p><p>\u00a0<\/p><p>Es war ein sehr gelungener Tag mit tollen Gespr\u00e4chen, super Wetter und bestem Essen. Wir freuen uns schon auf den n\u00e4chsten gemeinsamen KTL Family and Friends Day! <\/p>\t\t\t\t\t\t\t\t<\/div>\n\t\t\t\t<\/div>\n\t\t\t\t\t<\/div>\n\t\t\t\t<\/div>\n\t\t\t\t<\/div>","protected":false},"excerpt":{"rendered":"<p>Nach einer langen Pause war es wieder soweit. Die Tore zum Kombiverkehrsterminal in Ludwigshafen \u00f6ffneten sich f\u00fcr die Mitarbeiter der KTL, deren Familien sowie enge Kunden und am Standort t\u00e4tige Gesch\u00e4ftspartner. Knapp 250 Personen sind der KTL Einladung zum Family and Friends Day gefolgt und konnten Einblicke in die Funktion eines Terminals und den Arbeitsalltag [&hellip;]<\/p>","protected":false},"author":1,"featured_media":3850,"comment_status":"closed","ping_status":"open","sticky":false,"template":"","format":"standard","meta":{"footnotes":""},"categories":[1,14],"tags":[],"class_list":["post-3851","post","type-post","status-publish","format-standard","has-post-thumbnail","hentry","category-allgemein","category-de"],"_links":{"self":[{"href":"https:\/\/ktl-lu.de\/en\/wp-json\/wp\/v2\/posts\/3851","targetHints":{"allow":["GET"]}}],"collection":[{"href":"https:\/\/ktl-lu.de\/en\/wp-json\/wp\/v2\/posts"}],"about":[{"href":"https:\/\/ktl-lu.de\/en\/wp-json\/wp\/v2\/types\/post"}],"author":[{"embeddable":true,"href":"https:\/\/ktl-lu.de\/en\/wp-json\/wp\/v2\/users\/1"}],"replies":[{"embeddable":true,"href":"https:\/\/ktl-lu.de\/en\/wp-json\/wp\/v2\/comments?post=3851"}],"version-history":[{"count":0,"href":"https:\/\/ktl-lu.de\/en\/wp-json\/wp\/v2\/posts\/3851\/revisions"}],"wp:featuredmedia":[{"embeddable":true,"href":"https:\/\/ktl-lu.de\/en\/wp-json\/wp\/v2\/media\/3850"}],"wp:attachment":[{"href":"https:\/\/ktl-lu.de\/en\/wp-json\/wp\/v2\/media?parent=3851"}],"wp:term":[{"taxonomy":"category","embeddable":true,"href":"https:\/\/ktl-lu.de\/en\/wp-json\/wp\/v2\/categories?post=3851"},{"taxonomy":"post_tag","embeddable":true,"href":"https:\/\/ktl-lu.de\/en\/wp-json\/wp\/v2\/tags?post=3851"}],"curies":[{"name":"wp","href":"https:\/\/api.w.org\/{rel}","templated":true}]}}