{"id":3712,"date":"2023-05-22T12:58:11","date_gmt":"2023-05-22T10:58:11","guid":{"rendered":"https:\/\/ktl-lu.de\/?p=3712"},"modified":"2023-06-22T15:40:34","modified_gmt":"2023-06-22T13:40:34","slug":"noch-was-neues","status":"publish","type":"post","link":"https:\/\/ktl-lu.de\/en\/2023\/05\/22\/noch-was-neues\/","title":{"rendered":"Nachhaltigkeit @KTL \/ Start der Photovoltaik-Anlage der KTL"},"content":{"rendered":"<div data-elementor-type=\"wp-post\" data-elementor-id=\"3712\" class=\"elementor elementor-3712\" data-elementor-post-type=\"post\">\n\t\t\t\t<div class=\"elementor-element elementor-element-b22218e e-flex e-con-boxed e-con e-parent\" data-id=\"b22218e\" data-element_type=\"container\">\n\t\t\t\t\t<div class=\"e-con-inner\">\n\t\t\t\t<div class=\"elementor-element elementor-element-8fb7d31 elementor-widget elementor-widget-theme-post-title elementor-page-title elementor-widget-heading\" data-id=\"8fb7d31\" data-element_type=\"widget\" data-widget_type=\"theme-post-title.default\">\n\t\t\t\t<div class=\"elementor-widget-container\">\n\t\t\t\t\t<h1 class=\"elementor-heading-title elementor-size-default\">Nachhaltigkeit @KTL \/ Start der Photovoltaik-Anlage der KTL<\/h1>\t\t\t\t<\/div>\n\t\t\t\t<\/div>\n\t\t\t\t<div class=\"elementor-element elementor-element-7a5e8c6 elementor-widget elementor-widget-theme-post-featured-image elementor-widget-image\" data-id=\"7a5e8c6\" data-element_type=\"widget\" data-widget_type=\"theme-post-featured-image.default\">\n\t\t\t\t<div class=\"elementor-widget-container\">\n\t\t\t\t\t\t\t\t\t\t\t\t\t\t\t<img fetchpriority=\"high\" decoding=\"async\" width=\"604\" height=\"334\" src=\"https:\/\/ktl-lu.de\/wp-content\/uploads\/2023\/06\/Bild1_2023-05-22.jpg\" class=\"attachment-2048x2048 size-2048x2048 wp-image-3774\" alt=\"\" srcset=\"https:\/\/ktl-lu.de\/wp-content\/uploads\/2023\/06\/Bild1_2023-05-22.jpg 604w, https:\/\/ktl-lu.de\/wp-content\/uploads\/2023\/06\/Bild1_2023-05-22-300x166.jpg 300w, https:\/\/ktl-lu.de\/wp-content\/uploads\/2023\/06\/Bild1_2023-05-22-18x10.jpg 18w\" sizes=\"(max-width: 604px) 100vw, 604px\" \/>\t\t\t\t\t\t\t\t\t\t\t\t\t\t\t<\/div>\n\t\t\t\t<\/div>\n\t\t\t\t\t<\/div>\n\t\t\t\t<\/div>\n\t\t<div class=\"elementor-element elementor-element-aae9ad7 e-flex e-con-boxed e-con e-parent\" data-id=\"aae9ad7\" data-element_type=\"container\">\n\t\t\t\t\t<div class=\"e-con-inner\">\n\t\t<div class=\"elementor-element elementor-element-2f8474b e-flex e-con-boxed e-con e-parent\" data-id=\"2f8474b\" data-element_type=\"container\">\n\t\t\t\t\t<div class=\"e-con-inner\">\n\t\t\t\t<div class=\"elementor-element elementor-element-8583e18 elementor-widget elementor-widget-text-editor\" data-id=\"8583e18\" data-element_type=\"widget\" data-widget_type=\"text-editor.default\">\n\t\t\t\t<div class=\"elementor-widget-container\">\n\t\t\t\t\t\t\t\t\t<p>Wussten Sie, dass die \u00fcber unser Terminal abgewickelten KV-Ladungen &#8211; durch das Vermeiden des reinen Stra\u00dfenverkehrs auf der langen Strecke &#8211; pro Jahr ca. 240.000 to CO<sub>2<\/sub> eingespart werden? Dieser Wert wurde auf Basis der entsprechenden Relationen der Z\u00fcge von und zur KTL detailliert ermittelt und wird zuk\u00fcnftig regelm\u00e4\u00dfig aktualisiert.<\/p><p>\u00a0<\/p><p>Wir haben zur weiteren Verbesserung unserer Nachhaltigkeitsbilanz eine Photovoltaikanlage auf dem Dach unseres Terminalgeb\u00e4udes errichtet. Diese wurde von KTL selbst finanziert und die Errichtung erfolgte von der Firma Sole. Die Anlage hat Anfang Mai ihren Betrieb aufgenommen. Mit den 240 Solarzellen werden wir ca. 100.000 KWh Strom pro Jahr klimaneutral produzieren.<\/p><p>\u00a0<\/p><p>An den sonnenreichen Tagen hatten wir bereits einen Ertrag von bis zu 600 KWh\/Tag erzeugt, der Strom wurde direkt bei uns (ohne Speicher) eingespeist und so verringern wir unseren Gesamtverbrauch t\u00e4glich.<\/p>\t\t\t\t\t\t\t\t<\/div>\n\t\t\t\t<\/div>\n\t\t\t\t\t<\/div>\n\t\t\t\t<\/div>\n\t\t\t\t\t<\/div>\n\t\t\t\t<\/div>\n\t\t\t\t<\/div>","protected":false},"excerpt":{"rendered":"<p>Wussten Sie, dass die \u00fcber unser Terminal abgewickelten KV-Ladungen &#8211; durch das Vermeiden des reinen Stra\u00dfenverkehrs auf der langen Strecke &#8211; pro Jahr ca. 240.000 to CO2 eingespart werden? Dieser Wert wurde auf Basis der entsprechenden Relationen der Z\u00fcge von und zur KTL detailliert ermittelt und wird zuk\u00fcnftig regelm\u00e4\u00dfig aktualisiert. \u00a0 Wir haben zur weiteren [&hellip;]<\/p>","protected":false},"author":1,"featured_media":3774,"comment_status":"closed","ping_status":"open","sticky":false,"template":"","format":"standard","meta":{"footnotes":""},"categories":[1,14],"tags":[],"class_list":["post-3712","post","type-post","status-publish","format-standard","has-post-thumbnail","hentry","category-allgemein","category-de"],"_links":{"self":[{"href":"https:\/\/ktl-lu.de\/en\/wp-json\/wp\/v2\/posts\/3712","targetHints":{"allow":["GET"]}}],"collection":[{"href":"https:\/\/ktl-lu.de\/en\/wp-json\/wp\/v2\/posts"}],"about":[{"href":"https:\/\/ktl-lu.de\/en\/wp-json\/wp\/v2\/types\/post"}],"author":[{"embeddable":true,"href":"https:\/\/ktl-lu.de\/en\/wp-json\/wp\/v2\/users\/1"}],"replies":[{"embeddable":true,"href":"https:\/\/ktl-lu.de\/en\/wp-json\/wp\/v2\/comments?post=3712"}],"version-history":[{"count":0,"href":"https:\/\/ktl-lu.de\/en\/wp-json\/wp\/v2\/posts\/3712\/revisions"}],"wp:featuredmedia":[{"embeddable":true,"href":"https:\/\/ktl-lu.de\/en\/wp-json\/wp\/v2\/media\/3774"}],"wp:attachment":[{"href":"https:\/\/ktl-lu.de\/en\/wp-json\/wp\/v2\/media?parent=3712"}],"wp:term":[{"taxonomy":"category","embeddable":true,"href":"https:\/\/ktl-lu.de\/en\/wp-json\/wp\/v2\/categories?post=3712"},{"taxonomy":"post_tag","embeddable":true,"href":"https:\/\/ktl-lu.de\/en\/wp-json\/wp\/v2\/tags?post=3712"}],"curies":[{"name":"wp","href":"https:\/\/api.w.org\/{rel}","templated":true}]}}